{"id":3602,"date":"2025-02-05T13:47:16","date_gmt":"2025-02-05T16:47:16","guid":{"rendered":"https:\/\/agencia.ibict.br\/?p=3602"},"modified":"2025-02-05T13:47:32","modified_gmt":"2025-02-05T16:47:32","slug":"clipping-ibict-terca-feira-04-02-2025","status":"publish","type":"post","link":"https:\/\/agencia.ibict.br\/?p=3602","title":{"rendered":"Clipping Ibict &#8211; ter\u00e7a-feira: 04\/02\/2025"},"content":{"rendered":"<p><img decoding=\"async\" src=\"https:\/\/ci3.googleusercontent.com\/proxy\/6hfjwYXYZ25pUVYwYcfPnTIzvQtyzt1eIsbWuAz729muiaJ1N_IJKGaWNerWuh_GqBzSEbja8aJ4XeBv_iC2hK7q4Rr3RaB2UVpZb49iamqMT84h1a7DpZh7D9x1Q3-vfjz9NXu_50DsZORDdwPnUHBqznU1P5KgiegTyZI=s0-d-e1-ft#https:\/\/agencia.ibict.br\/wp-content\/uploads\/2024\/12\/Artes-Clipping-Newsletter-Podcast-Ibict-1-1024x226.png\" \/><\/p>\n<p><span style=\"text-decoration: underline;\"><em><strong>Ibict acontece<\/strong><\/em><\/span><\/p>\n<p><strong>Novo webin\u00e1rio do INCC debate \u201cFilosofia da Ci\u00eancia Cidad\u00e3\u201d<\/strong> &#8211; Com foco em quest\u00f5es te\u00f3ricas da ci\u00eancia cidad\u00e3, terceiro evento do ciclo \u201cDi\u00e1logos em Ci\u00eancia Cidad\u00e3\u201d ser\u00e1 o primeiro com convidados internacionais e transmiss\u00e3o em ingl\u00eas.<\/p>\n<p><a href=\"https:\/\/www.gov.br\/ibict\/pt-br\/central-de-conteudos\/noticias\/2025\/fevereiro\/novo-webinario-do-incc-debate-201cfilosofia-da-ciencia-cidada201d\" target=\"_blank\" rel=\"nofollow noopener\" data-saferedirecturl=\"https:\/\/www.google.com\/url?hl=pt&amp;q=https:\/\/www.gov.br\/ibict\/pt-br\/central-de-conteudos\/noticias\/2025\/fevereiro\/novo-webinario-do-incc-debate-201cfilosofia-da-ciencia-cidada201d&amp;source=gmail&amp;ust=1738859771765000&amp;usg=AOvVaw2wFnqDCgfuLnE9bjonniJu\">Leia mais<\/a><\/p>\n<p><span style=\"text-decoration: underline;\"><em><strong>Diversos<\/strong><\/em><\/span><\/p>\n<p><strong>MCTI lan\u00e7a Plano Setorial de Preven\u00e7\u00e3o e Enfrentamento do Ass\u00e9dio e da Discrimina\u00e7\u00e3o para um ambiente de trabalho mais seguro e inclusivo &#8211;<\/strong> Campanhas de conscientiza\u00e7\u00e3o, capacita\u00e7\u00f5es e fortalecimento da rede de acolhimento est\u00e3o entre as principais medidas do Plano.<\/p>\n<p><a href=\"https:\/\/www.gov.br\/mcti\/pt-br\/acompanhe-o-mcti\/noticias\/2025\/02\/mcti-lanca-plano-setorial-de-prevencao-e-enfrentamento-do-assedio-e-da-discriminacao-para-um-ambiente-de-trabalho-mais-seguro-e-inclusivo\" target=\"_blank\" rel=\"nofollow noopener\" data-saferedirecturl=\"https:\/\/www.google.com\/url?hl=pt&amp;q=https:\/\/www.gov.br\/mcti\/pt-br\/acompanhe-o-mcti\/noticias\/2025\/02\/mcti-lanca-plano-setorial-de-prevencao-e-enfrentamento-do-assedio-e-da-discriminacao-para-um-ambiente-de-trabalho-mais-seguro-e-inclusivo&amp;source=gmail&amp;ust=1738859771765000&amp;usg=AOvVaw3VmpeG214Pco0dJ-0XrCfS\">Leia mais<\/a><\/p>\n<p><strong>MCTI quadruplica m\u00e9dia de desembolsos para institui\u00e7\u00f5es federais de ensino e pesquisa &#8211;<\/strong> Recursos do FNDCT para ensino e pesquisa saltam de R$ 329 milh\u00f5es para mais de R$ 1,3 bilh\u00e3o no bi\u00eanio 2023-2024.<\/p>\n<p><a href=\"https:\/\/www.gov.br\/mcti\/pt-br\/acompanhe-o-mcti\/noticias\/2025\/02\/mcti-quadruplica-media-de-desembolsos-para-instituicoes-federais-de-ensino-e-pesquisa\" target=\"_blank\" rel=\"nofollow noopener\" data-saferedirecturl=\"https:\/\/www.google.com\/url?hl=pt&amp;q=https:\/\/www.gov.br\/mcti\/pt-br\/acompanhe-o-mcti\/noticias\/2025\/02\/mcti-quadruplica-media-de-desembolsos-para-instituicoes-federais-de-ensino-e-pesquisa&amp;source=gmail&amp;ust=1738859771765000&amp;usg=AOvVaw3TgUKlrpUV2eOs25dZdNPo\">Leia mais<\/a><\/p>\n<p><strong>Comit\u00ea de Governan\u00e7a Digital aprova Plano de Dados Abertos &#8211;<\/strong>\u00a0PDA 2025-2027 passou por consulta p\u00fablica, em rela\u00e7\u00e3o a prioriza\u00e7\u00e3o dos dados a serem abertos, com mais de 100 contribui\u00e7\u00f5es.<\/p>\n<p><a href=\"https:\/\/www.gov.br\/capes\/pt-br\/assuntos\/noticias\/comite-de-governanca-digital-aprova-plano-de-dados-abertos\" target=\"_blank\" rel=\"nofollow noopener\" data-saferedirecturl=\"https:\/\/www.google.com\/url?hl=pt&amp;q=https:\/\/www.gov.br\/capes\/pt-br\/assuntos\/noticias\/comite-de-governanca-digital-aprova-plano-de-dados-abertos&amp;source=gmail&amp;ust=1738859771765000&amp;usg=AOvVaw183wjmVIy4IjkK9G-k8eUL\">Leia mais<\/a><\/p>\n<table border=\"0\" width=\"100%\" cellspacing=\"0\" cellpadding=\"0\">\n<tbody>\n<tr>\n<td align=\"center\" valign=\"top\"><a href=\"https:\/\/www.instagram.com\/ibict\" target=\"_blank\" rel=\"nofollow noopener\" data-saferedirecturl=\"https:\/\/www.google.com\/url?hl=pt&amp;q=https:\/\/www.instagram.com\/ibict&amp;source=gmail&amp;ust=1738859771765000&amp;usg=AOvVaw3qgK-9zurbK9UxCzikByzv\"><img loading=\"lazy\" decoding=\"async\" src=\"https:\/\/ci3.googleusercontent.com\/proxy\/xmmJJECTk-rWp3Sectduw4fLWYDZ5rSQCB5OY90VKs_ABs73ngsCPpbcYAHv496OD_ORb_HPKMsmxBup8WnDA1nsDuMwJdtFgd6BXRZbB1sc-i5BvK41K2EXU0RZsvvmufMA9CtaYDHJ3Tkw1TZF1yciNxFvmtIRxXly-5f0L_uG6-rpdMo981vcCA3TiEdC_YI-tpQFf8GkpcSVU9P2Adtj=s0-d-e1-ft#http:\/\/agencia.ibict.br\/wp-content\/plugins\/mailpoet\/assets\/img\/newsletter_editor\/social-icons\/03-circles\/Instagram.png?mailpoet_version=3.60.3\" alt=\"instagram\" width=\"32\" height=\"32\" data-iml=\"10152.099999904633\" \/><\/a>\u00a0<a href=\"https:\/\/twitter.com\/ibictbr\" target=\"_blank\" rel=\"nofollow noopener\" data-saferedirecturl=\"https:\/\/www.google.com\/url?hl=pt&amp;q=https:\/\/twitter.com\/ibictbr&amp;source=gmail&amp;ust=1738859771765000&amp;usg=AOvVaw1aDiHAanLl9MDuGF6x752i\"><img loading=\"lazy\" decoding=\"async\" src=\"https:\/\/ci3.googleusercontent.com\/proxy\/86ZURK-CIssMNoO2-B3lmiSRRDomc11bKdHKvLVqpl1t1AE1n1mzGPexOYXbNjZbzCncBdh3q9zcqVoDlPPzTNEIXCH89_m4avae0INVK943Hnjv8MNLigBV4Xr-BQ4it5cRQDUFjffhi2QLYerg6C0Y8RiiW9_VfvryTILUVYXuozN0C1B5LQhB7RJN9DammWEGaEstwnujkhnQQWh3SQ=s0-d-e1-ft#http:\/\/agencia.ibict.br\/wp-content\/plugins\/mailpoet\/assets\/img\/newsletter_editor\/social-icons\/03-circles\/Twitter.png?mailpoet_version=3.60.3\" alt=\"twitter\" width=\"32\" height=\"32\" data-iml=\"10035.799999952316\" \/><\/a>\u00a0<a href=\"https:\/\/www.facebook.com\/IBICTbr\/\" target=\"_blank\" rel=\"nofollow noopener\" data-saferedirecturl=\"https:\/\/www.google.com\/url?hl=pt&amp;q=https:\/\/www.facebook.com\/IBICTbr\/&amp;source=gmail&amp;ust=1738859771766000&amp;usg=AOvVaw12LXJHyR9q9MOuspptn59t\"><img loading=\"lazy\" decoding=\"async\" src=\"https:\/\/ci5.googleusercontent.com\/proxy\/8hXEZhyRC3Qsw8ydu9U72mk4IKwYOkBiuj9jLq9nQCxuI13Yc4mu1yrbmtJiRXsEx-ONh79QvulOxUj7Jzkf8EtYS64ZwaVEcB6N3pGPS69hAUz2uJH0Gg2AHPWmpRguZMAhA90ZOq3UdY9z3qmZUUbD-3-xg9sgTWEapGkNlCdUKXiGL_9m5tcjeRDjR662Pg0_ef9gJISI92dkF7jsDLA=s0-d-e1-ft#http:\/\/agencia.ibict.br\/wp-content\/plugins\/mailpoet\/assets\/img\/newsletter_editor\/social-icons\/03-circles\/Facebook.png?mailpoet_version=3.60.3\" alt=\"facebook\" width=\"32\" height=\"32\" data-iml=\"10042.700000047684\" \/><\/a>\u00a0<a href=\"https:\/\/www.youtube.com\/channel\/UCsYh70E1ktPDU92t8tX31_g\" target=\"_blank\" rel=\"nofollow noopener\" data-saferedirecturl=\"https:\/\/www.google.com\/url?hl=pt&amp;q=https:\/\/www.youtube.com\/channel\/UCsYh70E1ktPDU92t8tX31_g&amp;source=gmail&amp;ust=1738859771766000&amp;usg=AOvVaw0LUyV-LfeZVueUmEIeIgHs\"><img loading=\"lazy\" decoding=\"async\" src=\"https:\/\/ci3.googleusercontent.com\/proxy\/sisVM2tdbkzw1H66cr7B8ZTV2Tgo04942KWnqKN-c5kfjjqdnabebpZ75bS9NriBMxFU_4Iik9AqCWeGhKUHPkoCz3c9JIwugNJHreEn3XiTEZ7AV59NjwAuwqlGOkYVxbCpjXf07moNYzL1cTEgt8Lz9qKsVo_o_fLemBTaCcNLbkiK0AF-HVyJtz8YRCbTKKrSKRaN6JXJN88KnA4OsA=s0-d-e1-ft#http:\/\/agencia.ibict.br\/wp-content\/plugins\/mailpoet\/assets\/img\/newsletter_editor\/social-icons\/03-circles\/Youtube.png?mailpoet_version=3.60.3\" alt=\"youtube\" width=\"32\" height=\"32\" data-iml=\"10025\" \/><\/a>\u00a0<a href=\"https:\/\/open.spotify.com\/show\/2GeCKchPoaEqoafuyUiWvP\" target=\"_blank\" rel=\"nofollow noopener\" data-saferedirecturl=\"https:\/\/www.google.com\/url?hl=pt&amp;q=https:\/\/open.spotify.com\/show\/2GeCKchPoaEqoafuyUiWvP&amp;source=gmail&amp;ust=1738859771766000&amp;usg=AOvVaw1azpGhqNdCjzFiycwUOtE4\"><img loading=\"lazy\" decoding=\"async\" src=\"https:\/\/ci4.googleusercontent.com\/proxy\/rHIDgEnpK09rJ0xUolxzvqMHwBHRYWSlC2ZW7zRNV8L5bdaknWGEU3y7jbkh74e7pQWDVfKiPkINzkUwoWqQix-bNUbQ7UOsfj0ghHsqZiU=s0-d-e1-ft#http:\/\/agencia.ibict.br\/wp-content\/uploads\/2021\/05\/spot-2.png\" alt=\"custom\" width=\"32\" height=\"32\" data-iml=\"10204.5\" \/><\/a><\/td>\n<\/tr>\n<tr>\n<td valign=\"top\">\n<table width=\"100%\" cellpadding=\"0\">\n<tbody>\n<tr>\n<td>Este informativo \u00e9 produzido pelo Divis\u00e3o de Comunica\u00e7\u00e3o Social do Ibict.<br \/>\nInstituto Brasileiro de Informa\u00e7\u00e3o em Ci\u00eancia e Tecnologia | Minist\u00e9rio da Ci\u00eancia, Tecnologia e Inova\u00e7\u00e3o<\/td>\n<\/tr>\n<\/tbody>\n<\/table>\n<table width=\"100%\" cellpadding=\"0\">\n<tbody>\n<tr>\n<td>SAUS Quadra 5 &#8211; Lote 6, Bloco H, Bras\u00edlia &#8211; DF, 70070-912<\/td>\n<\/tr>\n<\/tbody>\n<\/table>\n<table width=\"100%\" cellpadding=\"0\">\n<tbody>\n<tr>\n<td><a href=\"https:\/\/ibict.br\/\" target=\"_blank\" rel=\"nofollow noopener\" data-saferedirecturl=\"https:\/\/www.google.com\/url?hl=pt&amp;q=https:\/\/ibict.br\/&amp;source=gmail&amp;ust=1738859771766000&amp;usg=AOvVaw0z8VIF7sXfe7cRzKCEVjIC\">https:\/\/ibict.br<\/a>\u00a0|\u00a0<a href=\"mailto:agenciaibict@ibict.br\" target=\"_blank\" rel=\"nofollow noopener\">agenciaibic<wbr \/>t@ibict.br<\/a><\/td>\n<\/tr>\n<\/tbody>\n<\/table>\n<\/td>\n<\/tr>\n<tr>\n<td align=\"center\" valign=\"top\"><img decoding=\"async\" src=\"https:\/\/ci6.googleusercontent.com\/proxy\/vHUEbyyE3mUzZag1-3zhooFw7ZUog1S45tcUh-MMoleHCiNvKltZnU_w9iCt63dyfE9XrHidUXbpxPJsKqtCZOQWvUHsycXH1iQom6MnV4svcnRpWzUGW8daC3hOPSwTuzexA-8=s0-d-e1-ft#https:\/\/agencia.ibict.br\/wp-content\/uploads\/2024\/01\/assinatura-Ibict-MCTI-2024.png\" alt=\"\" width=\"364\" data-iml=\"10549.700000047684\" \/><\/td>\n<\/tr>\n<tr>\n<td><a href=\"https:\/\/agencia.ibict.br\/?mailpoet_page=subscriptions&amp;mailpoet_router&amp;endpoint=subscription&amp;action=confirm_unsubscribe&amp;data=eyJwcmV2aWV3IjoxfQ\" target=\"_blank\" rel=\"nofollow noopener\" data-saferedirecturl=\"https:\/\/www.google.com\/url?hl=pt&amp;q=https:\/\/agencia.ibict.br\/?mailpoet_page%3Dsubscriptions%26mailpoet_router%26endpoint%3Dsubscription%26action%3Dconfirm_unsubscribe%26data%3DeyJwcmV2aWV3IjoxfQ&amp;source=gmail&amp;ust=1738859771766000&amp;usg=AOvVaw0JsyKAfO9a32em7HsdfpnY\">Cancelar assinatura<\/a>\u00a0|\u00a0<a href=\"https:\/\/agencia.ibict.br\/?mailpoet_page=subscriptions&amp;mailpoet_router&amp;endpoint=subscription&amp;action=manage&amp;data=eyJwcmV2aWV3IjoxfQ\" target=\"_blank\" rel=\"nofollow noopener\" data-saferedirecturl=\"https:\/\/www.google.com\/url?hl=pt&amp;q=https:\/\/agencia.ibict.br\/?mailpoet_page%3Dsubscriptions%26mailpoet_router%26endpoint%3Dsubscription%26action%3Dmanage%26data%3DeyJwcmV2aWV3IjoxfQ&amp;source=gmail&amp;ust=1738859771766000&amp;usg=AOvVaw3EizhSB7lIn84oanCRBt-g\">Gerencie sua assinatura<\/a><\/td>\n<\/tr>\n<\/tbody>\n<\/table>\n","protected":false},"excerpt":{"rendered":"<p>Ibict acontece Novo webin\u00e1rio do INCC debate \u201cFilosofia da Ci\u00eancia Cidad\u00e3\u201d &#8211; Com foco em quest\u00f5es te\u00f3ricas da ci\u00eancia cidad\u00e3, terceiro evento do ciclo \u201cDi\u00e1logos em Ci\u00eancia Cidad\u00e3\u201d ser\u00e1 o primeiro com convidados internacionais e transmiss\u00e3o em ingl\u00eas. Leia mais Diversos MCTI lan\u00e7a Plano Setorial de Preven\u00e7\u00e3o e Enfrentamento do Ass\u00e9dio e da Discrimina\u00e7\u00e3o para [&hellip;]<\/p>\n","protected":false},"author":4,"featured_media":0,"comment_status":"closed","ping_status":"closed","sticky":false,"template":"","format":"standard","meta":{"_et_pb_use_builder":"","_et_pb_old_content":"","_et_gb_content_width":"","episode_type":"","audio_file":"","cover_image":"","cover_image_id":"","duration":"","filesize":"","date_recorded":"","explicit":"","block":"","filesize_raw":"","footnotes":""},"categories":[46],"tags":[50,49,47,54,48,51,19],"_links":{"self":[{"href":"https:\/\/agencia.ibict.br\/index.php?rest_route=\/wp\/v2\/posts\/3602"}],"collection":[{"href":"https:\/\/agencia.ibict.br\/index.php?rest_route=\/wp\/v2\/posts"}],"about":[{"href":"https:\/\/agencia.ibict.br\/index.php?rest_route=\/wp\/v2\/types\/post"}],"author":[{"embeddable":true,"href":"https:\/\/agencia.ibict.br\/index.php?rest_route=\/wp\/v2\/users\/4"}],"replies":[{"embeddable":true,"href":"https:\/\/agencia.ibict.br\/index.php?rest_route=%2Fwp%2Fv2%2Fcomments&post=3602"}],"version-history":[{"count":1,"href":"https:\/\/agencia.ibict.br\/index.php?rest_route=\/wp\/v2\/posts\/3602\/revisions"}],"predecessor-version":[{"id":3603,"href":"https:\/\/agencia.ibict.br\/index.php?rest_route=\/wp\/v2\/posts\/3602\/revisions\/3603"}],"wp:attachment":[{"href":"https:\/\/agencia.ibict.br\/index.php?rest_route=%2Fwp%2Fv2%2Fmedia&parent=3602"}],"wp:term":[{"taxonomy":"category","embeddable":true,"href":"https:\/\/agencia.ibict.br\/index.php?rest_route=%2Fwp%2Fv2%2Fcategories&post=3602"},{"taxonomy":"post_tag","embeddable":true,"href":"https:\/\/agencia.ibict.br\/index.php?rest_route=%2Fwp%2Fv2%2Ftags&post=3602"}],"curies":[{"name":"wp","href":"https:\/\/api.w.org\/{rel}","templated":true}]}}